{"id":47915,"date":"2025-03-17T22:23:53","date_gmt":"2025-03-17T21:23:53","guid":{"rendered":"https:\/\/egliseenbrianconnais.net\/WordPress3\/?p=47915"},"modified":"2025-04-11T14:09:31","modified_gmt":"2025-04-11T13:09:31","slug":"careme-2025","status":"publish","type":"post","link":"https:\/\/egliseenbrianconnais.net\/WordPress3\/careme-2025\/","title":{"rendered":"Car\u00eame 2025"},"content":{"rendered":"<div class=\"wp-block-image\">\n<figure class=\"aligncenter size-full\"><img decoding=\"async\" src=\"https:\/\/egliseenbrianconnais.net\/WordPress3\/wp-content\/uploads\/2025\/03\/image.png\" alt=\"\" class=\"wp-image-47917\"\/><\/figure>\n<\/div>\n\n\n<figure class=\"wp-block-table alignwide\"><table class=\"has-fixed-layout\"><tbody><tr><td class=\"has-text-align-center\" data-align=\"center\"><strong><a href=\"https:\/\/www.youtube.com\/watch?v=7dp6bO79UeM\">CONFERENCE DE CAREME n\u00b01<\/a> <\/strong>(clic) : Dimanche 9 mars<\/td><td>\u00ab\u00a0Nic\u00e9e, un concile fondateur\u00a0\u00bb <br \/>par le P\u00e8re Philippe BLANC<\/td><\/tr><tr><td class=\"has-text-align-center\" data-align=\"center\"><strong><a href=\"https:\/\/www.youtube.com\/watch?v=rFB7L3CoTIM\">CONFERENCE DE CAREME  n\u00b02<\/a> <\/strong>(clic) : Dimanche 16 mars<\/td><td>\u00ab\u00a0J\u00e9sus de Nazareth: ses actes, son message, sa mort violente\u00a0\u00bb <br \/>par le P\u00e8re Jean-Marie DEZON<\/td><\/tr><tr><td class=\"has-text-align-center\" data-align=\"center\"><strong><a href=\"https:\/\/www.youtube.com\/watch?v=PmImBRR-e2M\">CONFERENCE DE CAREME n\u00b0 3<\/a><\/strong> (clic) : Dimanche 23 mars<\/td><td>Scandale et folie : un crucifi\u00e9 annonc\u00e9 comme vivant <br \/>par monsieur Heinrich Block<\/td><\/tr><tr><td class=\"has-text-align-center\" data-align=\"center\"><a href=\"https:\/\/www.youtube.com\/watch?v=EXSDpo1sE9Q\"><strong>CONFERENCE DE CAREME n\u00b04<\/strong> <\/a>: Dimanche 30 mars<\/td><td>\u00ab Jamais Dieu sans trois \u00bb La Trinit\u00e9, Dieu cr\u00e9ateur et sauveur <br \/>par fr\u00e8re Luc Devillers<\/td><\/tr><tr><td class=\"has-text-align-center\" data-align=\"center\"><strong><a href=\"https:\/\/www.youtube.com\/watch?v=EPfyJfmF7RM\">CONFERENCE DE CAREME n\u00b0 5<\/a><\/strong> : Dimanche 6 avril<\/td><td>Comment \u00e9vang\u00e9liser aujourd\u2019hui ? <br \/>par fr\u00e8re Rapha\u00ebl de Bouill\u00e9 o.p.<\/td><\/tr><\/tbody><\/table><\/figure>\n\n\n\n<p><\/p>\n","protected":false},"excerpt":{"rendered":"<p>CONFERENCE DE CAREME n\u00b01 (clic) : Dimanche 9 mars \u00ab\u00a0Nic\u00e9e, un concile fondateur\u00a0\u00bb par le P\u00e8re Philippe BLANC CONFERENCE DE CAREME n\u00b02 (clic) : Dimanche 16 mars \u00ab\u00a0J\u00e9sus de Nazareth: ses actes, son message, sa mort violente\u00a0\u00bb par le P\u00e8re Jean-Marie DEZON CONFERENCE DE CAREME n\u00b0 3 (clic) : Dimanche 23 mars Scandale et folie [&hellip;]<\/p>\n","protected":false},"author":407,"featured_media":0,"comment_status":"open","ping_status":"closed","sticky":false,"template":"","format":"standard","meta":{"jetpack_post_was_ever_published":false,"_jetpack_newsletter_access":"","_jetpack_dont_email_post_to_subs":false,"_jetpack_newsletter_tier_id":0,"_jetpack_memberships_contains_paywalled_content":false,"_jetpack_memberships_contains_paid_content":false,"footnotes":""},"categories":[61],"tags":[],"class_list":["post-47915","post","type-post","status-publish","format-standard","hentry","category-annonce-de-la-parole"],"yoast_head":"<!-- This site is optimized with the Yoast SEO plugin v27.5 - https:\/\/yoast.com\/product\/yoast-seo-wordpress\/ -->\n<title>Car\u00eame 2025 - Eglise en Brian\u00e7onnais<\/title>\n<meta name=\"robots\" content=\"index, follow, max-snippet:-1, max-image-preview:large, max-video-preview:-1\" \/>\n<link rel=\"canonical\" href=\"https:\/\/egliseenbrianconnais.net\/WordPress3\/careme-2025\/\" \/>\n<meta property=\"og:locale\" content=\"fr_FR\" \/>\n<meta property=\"og:type\" content=\"article\" \/>\n<meta property=\"og:title\" content=\"Car\u00eame 2025 - Eglise en Brian\u00e7onnais\" \/>\n<meta property=\"og:description\" content=\"CONFERENCE DE CAREME n\u00b01 (clic) : Dimanche 9 mars \u00ab\u00a0Nic\u00e9e, un concile fondateur\u00a0\u00bb par le P\u00e8re Philippe BLANC CONFERENCE DE CAREME n\u00b02 (clic) : Dimanche 16 mars \u00ab\u00a0J\u00e9sus de Nazareth: ses actes, son message, sa mort violente\u00a0\u00bb par le P\u00e8re Jean-Marie DEZON CONFERENCE DE CAREME n\u00b0 3 (clic) : Dimanche 23 mars Scandale et folie [&hellip;]\" \/>\n<meta property=\"og:url\" content=\"https:\/\/egliseenbrianconnais.net\/WordPress3\/careme-2025\/\" \/>\n<meta property=\"og:site_name\" content=\"Eglise en Brian\u00e7onnais\" \/>\n<meta property=\"article:published_time\" content=\"2025-03-17T21:23:53+00:00\" \/>\n<meta property=\"article:modified_time\" content=\"2025-04-11T13:09:31+00:00\" \/>\n<meta name=\"author\" content=\"Edelweiss\" \/>\n<meta name=\"twitter:card\" content=\"summary_large_image\" \/>\n<meta name=\"twitter:label1\" content=\"\u00c9crit par\" \/>\n\t<meta name=\"twitter:data1\" content=\"Edelweiss\" \/>\n\t<meta name=\"twitter:label2\" content=\"Dur\u00e9e de lecture estim\u00e9e\" \/>\n\t<meta name=\"twitter:data2\" content=\"1 minute\" \/>\n<script type=\"application\/ld+json\" class=\"yoast-schema-graph\">{\"@context\":\"https:\\\/\\\/schema.org\",\"@graph\":[{\"@type\":\"Article\",\"@id\":\"https:\\\/\\\/egliseenbrianconnais.net\\\/WordPress3\\\/careme-2025\\\/#article\",\"isPartOf\":{\"@id\":\"https:\\\/\\\/egliseenbrianconnais.net\\\/WordPress3\\\/careme-2025\\\/\"},\"author\":{\"name\":\"Edelweiss\",\"@id\":\"https:\\\/\\\/egliseenbrianconnais.net\\\/WordPress3\\\/#\\\/schema\\\/person\\\/0ae51fdd734a3183da6fe3c86c387aeb\"},\"headline\":\"Car\u00eame 2025\",\"datePublished\":\"2025-03-17T21:23:53+00:00\",\"dateModified\":\"2025-04-11T13:09:31+00:00\",\"mainEntityOfPage\":{\"@id\":\"https:\\\/\\\/egliseenbrianconnais.net\\\/WordPress3\\\/careme-2025\\\/\"},\"wordCount\":105,\"commentCount\":0,\"publisher\":{\"@id\":\"https:\\\/\\\/egliseenbrianconnais.net\\\/WordPress3\\\/#organization\"},\"image\":{\"@id\":\"https:\\\/\\\/egliseenbrianconnais.net\\\/WordPress3\\\/careme-2025\\\/#primaryimage\"},\"thumbnailUrl\":\"https:\\\/\\\/egliseenbrianconnais.net\\\/WordPress3\\\/wp-content\\\/uploads\\\/2025\\\/03\\\/image.png\",\"articleSection\":[\"ANNONCE DE LA PAROLE\"],\"inLanguage\":\"fr-FR\",\"potentialAction\":[{\"@type\":\"CommentAction\",\"name\":\"Comment\",\"target\":[\"https:\\\/\\\/egliseenbrianconnais.net\\\/WordPress3\\\/careme-2025\\\/#respond\"]}]},{\"@type\":\"WebPage\",\"@id\":\"https:\\\/\\\/egliseenbrianconnais.net\\\/WordPress3\\\/careme-2025\\\/\",\"url\":\"https:\\\/\\\/egliseenbrianconnais.net\\\/WordPress3\\\/careme-2025\\\/\",\"name\":\"Car\u00eame 2025 - Eglise en Brian\u00e7onnais\",\"isPartOf\":{\"@id\":\"https:\\\/\\\/egliseenbrianconnais.net\\\/WordPress3\\\/#website\"},\"primaryImageOfPage\":{\"@id\":\"https:\\\/\\\/egliseenbrianconnais.net\\\/WordPress3\\\/careme-2025\\\/#primaryimage\"},\"image\":{\"@id\":\"https:\\\/\\\/egliseenbrianconnais.net\\\/WordPress3\\\/careme-2025\\\/#primaryimage\"},\"thumbnailUrl\":\"https:\\\/\\\/egliseenbrianconnais.net\\\/WordPress3\\\/wp-content\\\/uploads\\\/2025\\\/03\\\/image.png\",\"datePublished\":\"2025-03-17T21:23:53+00:00\",\"dateModified\":\"2025-04-11T13:09:31+00:00\",\"breadcrumb\":{\"@id\":\"https:\\\/\\\/egliseenbrianconnais.net\\\/WordPress3\\\/careme-2025\\\/#breadcrumb\"},\"inLanguage\":\"fr-FR\",\"potentialAction\":[{\"@type\":\"ReadAction\",\"target\":[\"https:\\\/\\\/egliseenbrianconnais.net\\\/WordPress3\\\/careme-2025\\\/\"]}]},{\"@type\":\"ImageObject\",\"inLanguage\":\"fr-FR\",\"@id\":\"https:\\\/\\\/egliseenbrianconnais.net\\\/WordPress3\\\/careme-2025\\\/#primaryimage\",\"url\":\"\",\"contentUrl\":\"\"},{\"@type\":\"BreadcrumbList\",\"@id\":\"https:\\\/\\\/egliseenbrianconnais.net\\\/WordPress3\\\/careme-2025\\\/#breadcrumb\",\"itemListElement\":[{\"@type\":\"ListItem\",\"position\":1,\"name\":\"Accueil\",\"item\":\"https:\\\/\\\/egliseenbrianconnais.net\\\/WordPress3\\\/\"},{\"@type\":\"ListItem\",\"position\":2,\"name\":\"Car\u00eame 2025\"}]},{\"@type\":\"WebSite\",\"@id\":\"https:\\\/\\\/egliseenbrianconnais.net\\\/WordPress3\\\/#website\",\"url\":\"https:\\\/\\\/egliseenbrianconnais.net\\\/WordPress3\\\/\",\"name\":\"EgliseenBrian\u00e7onnais\",\"description\":\"BIENVENUE !\",\"publisher\":{\"@id\":\"https:\\\/\\\/egliseenbrianconnais.net\\\/WordPress3\\\/#organization\"},\"potentialAction\":[{\"@type\":\"SearchAction\",\"target\":{\"@type\":\"EntryPoint\",\"urlTemplate\":\"https:\\\/\\\/egliseenbrianconnais.net\\\/WordPress3\\\/?s={search_term_string}\"},\"query-input\":{\"@type\":\"PropertyValueSpecification\",\"valueRequired\":true,\"valueName\":\"search_term_string\"}}],\"inLanguage\":\"fr-FR\"},{\"@type\":\"Organization\",\"@id\":\"https:\\\/\\\/egliseenbrianconnais.net\\\/WordPress3\\\/#organization\",\"name\":\"EgliseenBrian\u00e7onnais\",\"url\":\"https:\\\/\\\/egliseenbrianconnais.net\\\/WordPress3\\\/\",\"logo\":{\"@type\":\"ImageObject\",\"inLanguage\":\"fr-FR\",\"@id\":\"https:\\\/\\\/egliseenbrianconnais.net\\\/WordPress3\\\/#\\\/schema\\\/logo\\\/image\\\/\",\"url\":\"http:\\\/\\\/egliseenbrianconnais.net\\\/WordPress3\\\/wp-content\\\/uploads\\\/2021\\\/09\\\/Logo-Ste-Catherine.jpg\",\"contentUrl\":\"http:\\\/\\\/egliseenbrianconnais.net\\\/WordPress3\\\/wp-content\\\/uploads\\\/2021\\\/09\\\/Logo-Ste-Catherine.jpg\",\"width\":850,\"height\":1417,\"caption\":\"EgliseenBrian\u00e7onnais\"},\"image\":{\"@id\":\"https:\\\/\\\/egliseenbrianconnais.net\\\/WordPress3\\\/#\\\/schema\\\/logo\\\/image\\\/\"}},{\"@type\":\"Person\",\"@id\":\"https:\\\/\\\/egliseenbrianconnais.net\\\/WordPress3\\\/#\\\/schema\\\/person\\\/0ae51fdd734a3183da6fe3c86c387aeb\",\"name\":\"Edelweiss\",\"url\":\"https:\\\/\\\/egliseenbrianconnais.net\\\/WordPress3\\\/author\\\/edelweiss\\\/\"}]}<\/script>\n<!-- \/ Yoast SEO plugin. -->","yoast_head_json":{"title":"Car\u00eame 2025 - Eglise en Brian\u00e7onnais","robots":{"index":"index","follow":"follow","max-snippet":"max-snippet:-1","max-image-preview":"max-image-preview:large","max-video-preview":"max-video-preview:-1"},"canonical":"https:\/\/egliseenbrianconnais.net\/WordPress3\/careme-2025\/","og_locale":"fr_FR","og_type":"article","og_title":"Car\u00eame 2025 - Eglise en Brian\u00e7onnais","og_description":"CONFERENCE DE CAREME n\u00b01 (clic) : Dimanche 9 mars \u00ab\u00a0Nic\u00e9e, un concile fondateur\u00a0\u00bb par le P\u00e8re Philippe BLANC CONFERENCE DE CAREME n\u00b02 (clic) : Dimanche 16 mars \u00ab\u00a0J\u00e9sus de Nazareth: ses actes, son message, sa mort violente\u00a0\u00bb par le P\u00e8re Jean-Marie DEZON CONFERENCE DE CAREME n\u00b0 3 (clic) : Dimanche 23 mars Scandale et folie [&hellip;]","og_url":"https:\/\/egliseenbrianconnais.net\/WordPress3\/careme-2025\/","og_site_name":"Eglise en Brian\u00e7onnais","article_published_time":"2025-03-17T21:23:53+00:00","article_modified_time":"2025-04-11T13:09:31+00:00","author":"Edelweiss","twitter_card":"summary_large_image","twitter_misc":{"\u00c9crit par":"Edelweiss","Dur\u00e9e de lecture estim\u00e9e":"1 minute"},"schema":{"@context":"https:\/\/schema.org","@graph":[{"@type":"Article","@id":"https:\/\/egliseenbrianconnais.net\/WordPress3\/careme-2025\/#article","isPartOf":{"@id":"https:\/\/egliseenbrianconnais.net\/WordPress3\/careme-2025\/"},"author":{"name":"Edelweiss","@id":"https:\/\/egliseenbrianconnais.net\/WordPress3\/#\/schema\/person\/0ae51fdd734a3183da6fe3c86c387aeb"},"headline":"Car\u00eame 2025","datePublished":"2025-03-17T21:23:53+00:00","dateModified":"2025-04-11T13:09:31+00:00","mainEntityOfPage":{"@id":"https:\/\/egliseenbrianconnais.net\/WordPress3\/careme-2025\/"},"wordCount":105,"commentCount":0,"publisher":{"@id":"https:\/\/egliseenbrianconnais.net\/WordPress3\/#organization"},"image":{"@id":"https:\/\/egliseenbrianconnais.net\/WordPress3\/careme-2025\/#primaryimage"},"thumbnailUrl":"https:\/\/egliseenbrianconnais.net\/WordPress3\/wp-content\/uploads\/2025\/03\/image.png","articleSection":["ANNONCE DE LA PAROLE"],"inLanguage":"fr-FR","potentialAction":[{"@type":"CommentAction","name":"Comment","target":["https:\/\/egliseenbrianconnais.net\/WordPress3\/careme-2025\/#respond"]}]},{"@type":"WebPage","@id":"https:\/\/egliseenbrianconnais.net\/WordPress3\/careme-2025\/","url":"https:\/\/egliseenbrianconnais.net\/WordPress3\/careme-2025\/","name":"Car\u00eame 2025 - Eglise en Brian\u00e7onnais","isPartOf":{"@id":"https:\/\/egliseenbrianconnais.net\/WordPress3\/#website"},"primaryImageOfPage":{"@id":"https:\/\/egliseenbrianconnais.net\/WordPress3\/careme-2025\/#primaryimage"},"image":{"@id":"https:\/\/egliseenbrianconnais.net\/WordPress3\/careme-2025\/#primaryimage"},"thumbnailUrl":"https:\/\/egliseenbrianconnais.net\/WordPress3\/wp-content\/uploads\/2025\/03\/image.png","datePublished":"2025-03-17T21:23:53+00:00","dateModified":"2025-04-11T13:09:31+00:00","breadcrumb":{"@id":"https:\/\/egliseenbrianconnais.net\/WordPress3\/careme-2025\/#breadcrumb"},"inLanguage":"fr-FR","potentialAction":[{"@type":"ReadAction","target":["https:\/\/egliseenbrianconnais.net\/WordPress3\/careme-2025\/"]}]},{"@type":"ImageObject","inLanguage":"fr-FR","@id":"https:\/\/egliseenbrianconnais.net\/WordPress3\/careme-2025\/#primaryimage","url":"","contentUrl":""},{"@type":"BreadcrumbList","@id":"https:\/\/egliseenbrianconnais.net\/WordPress3\/careme-2025\/#breadcrumb","itemListElement":[{"@type":"ListItem","position":1,"name":"Accueil","item":"https:\/\/egliseenbrianconnais.net\/WordPress3\/"},{"@type":"ListItem","position":2,"name":"Car\u00eame 2025"}]},{"@type":"WebSite","@id":"https:\/\/egliseenbrianconnais.net\/WordPress3\/#website","url":"https:\/\/egliseenbrianconnais.net\/WordPress3\/","name":"EgliseenBrian\u00e7onnais","description":"BIENVENUE !","publisher":{"@id":"https:\/\/egliseenbrianconnais.net\/WordPress3\/#organization"},"potentialAction":[{"@type":"SearchAction","target":{"@type":"EntryPoint","urlTemplate":"https:\/\/egliseenbrianconnais.net\/WordPress3\/?s={search_term_string}"},"query-input":{"@type":"PropertyValueSpecification","valueRequired":true,"valueName":"search_term_string"}}],"inLanguage":"fr-FR"},{"@type":"Organization","@id":"https:\/\/egliseenbrianconnais.net\/WordPress3\/#organization","name":"EgliseenBrian\u00e7onnais","url":"https:\/\/egliseenbrianconnais.net\/WordPress3\/","logo":{"@type":"ImageObject","inLanguage":"fr-FR","@id":"https:\/\/egliseenbrianconnais.net\/WordPress3\/#\/schema\/logo\/image\/","url":"http:\/\/egliseenbrianconnais.net\/WordPress3\/wp-content\/uploads\/2021\/09\/Logo-Ste-Catherine.jpg","contentUrl":"http:\/\/egliseenbrianconnais.net\/WordPress3\/wp-content\/uploads\/2021\/09\/Logo-Ste-Catherine.jpg","width":850,"height":1417,"caption":"EgliseenBrian\u00e7onnais"},"image":{"@id":"https:\/\/egliseenbrianconnais.net\/WordPress3\/#\/schema\/logo\/image\/"}},{"@type":"Person","@id":"https:\/\/egliseenbrianconnais.net\/WordPress3\/#\/schema\/person\/0ae51fdd734a3183da6fe3c86c387aeb","name":"Edelweiss","url":"https:\/\/egliseenbrianconnais.net\/WordPress3\/author\/edelweiss\/"}]}},"jetpack_featured_media_url":"","jetpack_sharing_enabled":true,"_links":{"self":[{"href":"https:\/\/egliseenbrianconnais.net\/WordPress3\/wp-json\/wp\/v2\/posts\/47915","targetHints":{"allow":["GET"]}}],"collection":[{"href":"https:\/\/egliseenbrianconnais.net\/WordPress3\/wp-json\/wp\/v2\/posts"}],"about":[{"href":"https:\/\/egliseenbrianconnais.net\/WordPress3\/wp-json\/wp\/v2\/types\/post"}],"author":[{"embeddable":true,"href":"https:\/\/egliseenbrianconnais.net\/WordPress3\/wp-json\/wp\/v2\/users\/407"}],"replies":[{"embeddable":true,"href":"https:\/\/egliseenbrianconnais.net\/WordPress3\/wp-json\/wp\/v2\/comments?post=47915"}],"version-history":[{"count":11,"href":"https:\/\/egliseenbrianconnais.net\/WordPress3\/wp-json\/wp\/v2\/posts\/47915\/revisions"}],"predecessor-version":[{"id":48053,"href":"https:\/\/egliseenbrianconnais.net\/WordPress3\/wp-json\/wp\/v2\/posts\/47915\/revisions\/48053"}],"wp:attachment":[{"href":"https:\/\/egliseenbrianconnais.net\/WordPress3\/wp-json\/wp\/v2\/media?parent=47915"}],"wp:term":[{"taxonomy":"category","embeddable":true,"href":"https:\/\/egliseenbrianconnais.net\/WordPress3\/wp-json\/wp\/v2\/categories?post=47915"},{"taxonomy":"post_tag","embeddable":true,"href":"https:\/\/egliseenbrianconnais.net\/WordPress3\/wp-json\/wp\/v2\/tags?post=47915"}],"curies":[{"name":"wp","href":"https:\/\/api.w.org\/{rel}","templated":true}]}}