{"id":47758,"date":"2025-03-09T17:36:47","date_gmt":"2025-03-09T16:36:47","guid":{"rendered":"https:\/\/egliseenbrianconnais.net\/WordPress3\/?p=47758"},"modified":"2025-03-17T21:35:33","modified_gmt":"2025-03-17T20:35:33","slug":"jubile-2025","status":"publish","type":"post","link":"https:\/\/egliseenbrianconnais.net\/WordPress3\/jubile-2025\/","title":{"rendered":"Jubil\u00e9 2025"},"content":{"rendered":"\n<figure class=\"wp-block-table alignwide\"><table><tbody><tr><td><strong>Pour la journ\u00e9e jubilaire du 29 mars \u00e0 Brian\u00e7on :<\/strong><br \/><br \/>le but de la journ\u00e9e est de&nbsp;<strong>faire la d\u00e9marche de l&rsquo;indulgence tous ensemble<\/strong>. <br \/><br \/>Pour cela, nous prendrons le temps de processionner en marquant&nbsp;<em>5 stations<\/em>&nbsp;<br \/><br \/>pour bien saisir les 5 points d&rsquo;attention de l&rsquo;indulgence : <br \/>faire un p\u00e9lerinage, <br \/>prier pour l&rsquo;\u00c9glise, <br \/>se confesser, <br \/>assister \u00e0 la messe, <br \/>le plus sinc\u00e8rement possible.&nbsp;<br \/><br \/>~ ~ ~ <\/td><td class=\"has-text-align-center\" data-align=\"center\"><a href=\"https:\/\/egliseenbrianconnais.net\/WordPress3\/wp-content\/uploads\/2025\/03\/Jubile-P1.jpg\"><img decoding=\"async\" class=\"wp-image-47759\" style=\"width: 300px;\" src=\"https:\/\/egliseenbrianconnais.net\/WordPress3\/wp-content\/uploads\/2025\/03\/Jubile-P1.jpg\" alt=\"\"\/><\/a><\/td><\/tr><tr><td>Nous d\u00e9jeunerons d&rsquo;un\u00a0<strong>d\u00e9jeuner frugal<\/strong>\u00a0<br \/>(ceux qui peuvent jeuner feront bien), <br \/>et nous prendrons \u00e0 la fin de la d\u00e9marche un bon gouter partag\u00e9. <br \/><br \/>En arrivant au point de d\u00e9part, vous aurez le temps d&rsquo;aller d\u00e9poser votre participation <br \/>au gouter (gateau, tarte, boisson) \u00e0 la coll\u00e9giale. <br \/><br \/>Par contre, gardez votre pique-nique avec vous.\u00a0<br \/><br \/><br \/><strong>S&rsquo;il pleut vraiment<\/strong>, nous changerons l&rsquo;itin\u00e9raire : <br \/>ce sera\u00a0<em>signal\u00e9 sur cette page le matin du 29<\/em>. <br \/><br \/>Pour la procession, ceux qui ont besoin de s&rsquo;asseoir pourront pr\u00e9voir un pliant l\u00e9ger \u00e0 <br \/>emporter avec eux.\u00a0<\/td><td class=\"has-text-align-center\" data-align=\"center\"><a href=\"https:\/\/egliseenbrianconnais.net\/WordPress3\/wp-content\/uploads\/2025\/03\/Jubile-P2.jpg\"><\/a><a href=\"https:\/\/egliseenbrianconnais.net\/WordPress3\/wp-content\/uploads\/2025\/03\/Jubile-P2.jpg\"><img decoding=\"async\" class=\"wp-image-47760\" style=\"width: 300px;\" src=\"https:\/\/egliseenbrianconnais.net\/WordPress3\/wp-content\/uploads\/2025\/03\/Jubile-P2.jpg\" alt=\"\"\/><\/a><\/td><\/tr><\/tbody><\/table><\/figure>\n\n\n\n<p class=\"has-text-align-center\"><strong><a href=\"https:\/\/egliseenbrianconnais.net\/WordPress3\/wp-content\/uploads\/2025\/03\/Journee-jubilaire-2025-Briancon.pdf\">Journ\u00e9e Jubilaire 29 mars 2025 : t\u00e9l\u00e9charger<\/a><\/strong>  <\/p>\n\n\n\n<p><\/p>\n\n\n\n<p><\/p>\n\n\n\n<p><\/p>\n","protected":false},"excerpt":{"rendered":"<p>Pour la journ\u00e9e jubilaire du 29 mars \u00e0 Brian\u00e7on : le but de la journ\u00e9e est de&nbsp;faire la d\u00e9marche de l&rsquo;indulgence tous ensemble. Pour cela, nous prendrons le temps de processionner en marquant&nbsp;5 stations&nbsp; pour bien saisir les 5 points d&rsquo;attention de l&rsquo;indulgence : faire un p\u00e9lerinage, prier pour l&rsquo;\u00c9glise, se confesser, assister \u00e0 la [&hellip;]<\/p>\n","protected":false},"author":407,"featured_media":0,"comment_status":"open","ping_status":"closed","sticky":false,"template":"","format":"standard","meta":{"jetpack_post_was_ever_published":false,"_jetpack_newsletter_access":"","_jetpack_dont_email_post_to_subs":false,"_jetpack_newsletter_tier_id":0,"_jetpack_memberships_contains_paywalled_content":false,"_jetpack_memberships_contains_paid_content":false,"footnotes":""},"categories":[60],"tags":[],"class_list":["post-47758","post","type-post","status-publish","format-standard","hentry","category-vie-paroissiale"],"yoast_head":"<!-- This site is optimized with the Yoast SEO plugin v27.5 - https:\/\/yoast.com\/product\/yoast-seo-wordpress\/ -->\n<title>Jubil\u00e9 2025 - Eglise en Brian\u00e7onnais<\/title>\n<meta name=\"robots\" content=\"index, follow, max-snippet:-1, max-image-preview:large, max-video-preview:-1\" \/>\n<link rel=\"canonical\" href=\"https:\/\/egliseenbrianconnais.net\/WordPress3\/jubile-2025\/\" \/>\n<meta property=\"og:locale\" content=\"fr_FR\" \/>\n<meta property=\"og:type\" content=\"article\" \/>\n<meta property=\"og:title\" content=\"Jubil\u00e9 2025 - Eglise en Brian\u00e7onnais\" \/>\n<meta property=\"og:description\" content=\"Pour la journ\u00e9e jubilaire du 29 mars \u00e0 Brian\u00e7on : le but de la journ\u00e9e est de&nbsp;faire la d\u00e9marche de l&rsquo;indulgence tous ensemble. Pour cela, nous prendrons le temps de processionner en marquant&nbsp;5 stations&nbsp; pour bien saisir les 5 points d&rsquo;attention de l&rsquo;indulgence : faire un p\u00e9lerinage, prier pour l&rsquo;\u00c9glise, se confesser, assister \u00e0 la [&hellip;]\" \/>\n<meta property=\"og:url\" content=\"https:\/\/egliseenbrianconnais.net\/WordPress3\/jubile-2025\/\" \/>\n<meta property=\"og:site_name\" content=\"Eglise en Brian\u00e7onnais\" \/>\n<meta property=\"article:published_time\" content=\"2025-03-09T16:36:47+00:00\" \/>\n<meta property=\"article:modified_time\" content=\"2025-03-17T20:35:33+00:00\" \/>\n<meta name=\"author\" content=\"Edelweiss\" \/>\n<meta name=\"twitter:card\" content=\"summary_large_image\" \/>\n<meta name=\"twitter:label1\" content=\"\u00c9crit par\" \/>\n\t<meta name=\"twitter:data1\" content=\"Edelweiss\" \/>\n\t<meta name=\"twitter:label2\" content=\"Dur\u00e9e de lecture estim\u00e9e\" \/>\n\t<meta name=\"twitter:data2\" content=\"2 minutes\" \/>\n<script type=\"application\/ld+json\" class=\"yoast-schema-graph\">{\"@context\":\"https:\\\/\\\/schema.org\",\"@graph\":[{\"@type\":\"Article\",\"@id\":\"https:\\\/\\\/egliseenbrianconnais.net\\\/WordPress3\\\/jubile-2025\\\/#article\",\"isPartOf\":{\"@id\":\"https:\\\/\\\/egliseenbrianconnais.net\\\/WordPress3\\\/jubile-2025\\\/\"},\"author\":{\"name\":\"Edelweiss\",\"@id\":\"https:\\\/\\\/egliseenbrianconnais.net\\\/WordPress3\\\/#\\\/schema\\\/person\\\/0ae51fdd734a3183da6fe3c86c387aeb\"},\"headline\":\"Jubil\u00e9 2025\",\"datePublished\":\"2025-03-09T16:36:47+00:00\",\"dateModified\":\"2025-03-17T20:35:33+00:00\",\"mainEntityOfPage\":{\"@id\":\"https:\\\/\\\/egliseenbrianconnais.net\\\/WordPress3\\\/jubile-2025\\\/\"},\"wordCount\":166,\"commentCount\":0,\"publisher\":{\"@id\":\"https:\\\/\\\/egliseenbrianconnais.net\\\/WordPress3\\\/#organization\"},\"image\":{\"@id\":\"https:\\\/\\\/egliseenbrianconnais.net\\\/WordPress3\\\/jubile-2025\\\/#primaryimage\"},\"thumbnailUrl\":\"https:\\\/\\\/egliseenbrianconnais.net\\\/WordPress3\\\/wp-content\\\/uploads\\\/2025\\\/03\\\/Jubile-P1.jpg\",\"articleSection\":[\"VIE PAROISSIALE\"],\"inLanguage\":\"fr-FR\",\"potentialAction\":[{\"@type\":\"CommentAction\",\"name\":\"Comment\",\"target\":[\"https:\\\/\\\/egliseenbrianconnais.net\\\/WordPress3\\\/jubile-2025\\\/#respond\"]}]},{\"@type\":\"WebPage\",\"@id\":\"https:\\\/\\\/egliseenbrianconnais.net\\\/WordPress3\\\/jubile-2025\\\/\",\"url\":\"https:\\\/\\\/egliseenbrianconnais.net\\\/WordPress3\\\/jubile-2025\\\/\",\"name\":\"Jubil\u00e9 2025 - Eglise en Brian\u00e7onnais\",\"isPartOf\":{\"@id\":\"https:\\\/\\\/egliseenbrianconnais.net\\\/WordPress3\\\/#website\"},\"primaryImageOfPage\":{\"@id\":\"https:\\\/\\\/egliseenbrianconnais.net\\\/WordPress3\\\/jubile-2025\\\/#primaryimage\"},\"image\":{\"@id\":\"https:\\\/\\\/egliseenbrianconnais.net\\\/WordPress3\\\/jubile-2025\\\/#primaryimage\"},\"thumbnailUrl\":\"https:\\\/\\\/egliseenbrianconnais.net\\\/WordPress3\\\/wp-content\\\/uploads\\\/2025\\\/03\\\/Jubile-P1.jpg\",\"datePublished\":\"2025-03-09T16:36:47+00:00\",\"dateModified\":\"2025-03-17T20:35:33+00:00\",\"breadcrumb\":{\"@id\":\"https:\\\/\\\/egliseenbrianconnais.net\\\/WordPress3\\\/jubile-2025\\\/#breadcrumb\"},\"inLanguage\":\"fr-FR\",\"potentialAction\":[{\"@type\":\"ReadAction\",\"target\":[\"https:\\\/\\\/egliseenbrianconnais.net\\\/WordPress3\\\/jubile-2025\\\/\"]}]},{\"@type\":\"ImageObject\",\"inLanguage\":\"fr-FR\",\"@id\":\"https:\\\/\\\/egliseenbrianconnais.net\\\/WordPress3\\\/jubile-2025\\\/#primaryimage\",\"url\":\"\",\"contentUrl\":\"\"},{\"@type\":\"BreadcrumbList\",\"@id\":\"https:\\\/\\\/egliseenbrianconnais.net\\\/WordPress3\\\/jubile-2025\\\/#breadcrumb\",\"itemListElement\":[{\"@type\":\"ListItem\",\"position\":1,\"name\":\"Accueil\",\"item\":\"https:\\\/\\\/egliseenbrianconnais.net\\\/WordPress3\\\/\"},{\"@type\":\"ListItem\",\"position\":2,\"name\":\"Jubil\u00e9 2025\"}]},{\"@type\":\"WebSite\",\"@id\":\"https:\\\/\\\/egliseenbrianconnais.net\\\/WordPress3\\\/#website\",\"url\":\"https:\\\/\\\/egliseenbrianconnais.net\\\/WordPress3\\\/\",\"name\":\"EgliseenBrian\u00e7onnais\",\"description\":\"BIENVENUE !\",\"publisher\":{\"@id\":\"https:\\\/\\\/egliseenbrianconnais.net\\\/WordPress3\\\/#organization\"},\"potentialAction\":[{\"@type\":\"SearchAction\",\"target\":{\"@type\":\"EntryPoint\",\"urlTemplate\":\"https:\\\/\\\/egliseenbrianconnais.net\\\/WordPress3\\\/?s={search_term_string}\"},\"query-input\":{\"@type\":\"PropertyValueSpecification\",\"valueRequired\":true,\"valueName\":\"search_term_string\"}}],\"inLanguage\":\"fr-FR\"},{\"@type\":\"Organization\",\"@id\":\"https:\\\/\\\/egliseenbrianconnais.net\\\/WordPress3\\\/#organization\",\"name\":\"EgliseenBrian\u00e7onnais\",\"url\":\"https:\\\/\\\/egliseenbrianconnais.net\\\/WordPress3\\\/\",\"logo\":{\"@type\":\"ImageObject\",\"inLanguage\":\"fr-FR\",\"@id\":\"https:\\\/\\\/egliseenbrianconnais.net\\\/WordPress3\\\/#\\\/schema\\\/logo\\\/image\\\/\",\"url\":\"http:\\\/\\\/egliseenbrianconnais.net\\\/WordPress3\\\/wp-content\\\/uploads\\\/2021\\\/09\\\/Logo-Ste-Catherine.jpg\",\"contentUrl\":\"http:\\\/\\\/egliseenbrianconnais.net\\\/WordPress3\\\/wp-content\\\/uploads\\\/2021\\\/09\\\/Logo-Ste-Catherine.jpg\",\"width\":850,\"height\":1417,\"caption\":\"EgliseenBrian\u00e7onnais\"},\"image\":{\"@id\":\"https:\\\/\\\/egliseenbrianconnais.net\\\/WordPress3\\\/#\\\/schema\\\/logo\\\/image\\\/\"}},{\"@type\":\"Person\",\"@id\":\"https:\\\/\\\/egliseenbrianconnais.net\\\/WordPress3\\\/#\\\/schema\\\/person\\\/0ae51fdd734a3183da6fe3c86c387aeb\",\"name\":\"Edelweiss\",\"url\":\"https:\\\/\\\/egliseenbrianconnais.net\\\/WordPress3\\\/author\\\/edelweiss\\\/\"}]}<\/script>\n<!-- \/ Yoast SEO plugin. -->","yoast_head_json":{"title":"Jubil\u00e9 2025 - Eglise en Brian\u00e7onnais","robots":{"index":"index","follow":"follow","max-snippet":"max-snippet:-1","max-image-preview":"max-image-preview:large","max-video-preview":"max-video-preview:-1"},"canonical":"https:\/\/egliseenbrianconnais.net\/WordPress3\/jubile-2025\/","og_locale":"fr_FR","og_type":"article","og_title":"Jubil\u00e9 2025 - Eglise en Brian\u00e7onnais","og_description":"Pour la journ\u00e9e jubilaire du 29 mars \u00e0 Brian\u00e7on : le but de la journ\u00e9e est de&nbsp;faire la d\u00e9marche de l&rsquo;indulgence tous ensemble. Pour cela, nous prendrons le temps de processionner en marquant&nbsp;5 stations&nbsp; pour bien saisir les 5 points d&rsquo;attention de l&rsquo;indulgence : faire un p\u00e9lerinage, prier pour l&rsquo;\u00c9glise, se confesser, assister \u00e0 la [&hellip;]","og_url":"https:\/\/egliseenbrianconnais.net\/WordPress3\/jubile-2025\/","og_site_name":"Eglise en Brian\u00e7onnais","article_published_time":"2025-03-09T16:36:47+00:00","article_modified_time":"2025-03-17T20:35:33+00:00","author":"Edelweiss","twitter_card":"summary_large_image","twitter_misc":{"\u00c9crit par":"Edelweiss","Dur\u00e9e de lecture estim\u00e9e":"2 minutes"},"schema":{"@context":"https:\/\/schema.org","@graph":[{"@type":"Article","@id":"https:\/\/egliseenbrianconnais.net\/WordPress3\/jubile-2025\/#article","isPartOf":{"@id":"https:\/\/egliseenbrianconnais.net\/WordPress3\/jubile-2025\/"},"author":{"name":"Edelweiss","@id":"https:\/\/egliseenbrianconnais.net\/WordPress3\/#\/schema\/person\/0ae51fdd734a3183da6fe3c86c387aeb"},"headline":"Jubil\u00e9 2025","datePublished":"2025-03-09T16:36:47+00:00","dateModified":"2025-03-17T20:35:33+00:00","mainEntityOfPage":{"@id":"https:\/\/egliseenbrianconnais.net\/WordPress3\/jubile-2025\/"},"wordCount":166,"commentCount":0,"publisher":{"@id":"https:\/\/egliseenbrianconnais.net\/WordPress3\/#organization"},"image":{"@id":"https:\/\/egliseenbrianconnais.net\/WordPress3\/jubile-2025\/#primaryimage"},"thumbnailUrl":"https:\/\/egliseenbrianconnais.net\/WordPress3\/wp-content\/uploads\/2025\/03\/Jubile-P1.jpg","articleSection":["VIE PAROISSIALE"],"inLanguage":"fr-FR","potentialAction":[{"@type":"CommentAction","name":"Comment","target":["https:\/\/egliseenbrianconnais.net\/WordPress3\/jubile-2025\/#respond"]}]},{"@type":"WebPage","@id":"https:\/\/egliseenbrianconnais.net\/WordPress3\/jubile-2025\/","url":"https:\/\/egliseenbrianconnais.net\/WordPress3\/jubile-2025\/","name":"Jubil\u00e9 2025 - Eglise en Brian\u00e7onnais","isPartOf":{"@id":"https:\/\/egliseenbrianconnais.net\/WordPress3\/#website"},"primaryImageOfPage":{"@id":"https:\/\/egliseenbrianconnais.net\/WordPress3\/jubile-2025\/#primaryimage"},"image":{"@id":"https:\/\/egliseenbrianconnais.net\/WordPress3\/jubile-2025\/#primaryimage"},"thumbnailUrl":"https:\/\/egliseenbrianconnais.net\/WordPress3\/wp-content\/uploads\/2025\/03\/Jubile-P1.jpg","datePublished":"2025-03-09T16:36:47+00:00","dateModified":"2025-03-17T20:35:33+00:00","breadcrumb":{"@id":"https:\/\/egliseenbrianconnais.net\/WordPress3\/jubile-2025\/#breadcrumb"},"inLanguage":"fr-FR","potentialAction":[{"@type":"ReadAction","target":["https:\/\/egliseenbrianconnais.net\/WordPress3\/jubile-2025\/"]}]},{"@type":"ImageObject","inLanguage":"fr-FR","@id":"https:\/\/egliseenbrianconnais.net\/WordPress3\/jubile-2025\/#primaryimage","url":"","contentUrl":""},{"@type":"BreadcrumbList","@id":"https:\/\/egliseenbrianconnais.net\/WordPress3\/jubile-2025\/#breadcrumb","itemListElement":[{"@type":"ListItem","position":1,"name":"Accueil","item":"https:\/\/egliseenbrianconnais.net\/WordPress3\/"},{"@type":"ListItem","position":2,"name":"Jubil\u00e9 2025"}]},{"@type":"WebSite","@id":"https:\/\/egliseenbrianconnais.net\/WordPress3\/#website","url":"https:\/\/egliseenbrianconnais.net\/WordPress3\/","name":"EgliseenBrian\u00e7onnais","description":"BIENVENUE !","publisher":{"@id":"https:\/\/egliseenbrianconnais.net\/WordPress3\/#organization"},"potentialAction":[{"@type":"SearchAction","target":{"@type":"EntryPoint","urlTemplate":"https:\/\/egliseenbrianconnais.net\/WordPress3\/?s={search_term_string}"},"query-input":{"@type":"PropertyValueSpecification","valueRequired":true,"valueName":"search_term_string"}}],"inLanguage":"fr-FR"},{"@type":"Organization","@id":"https:\/\/egliseenbrianconnais.net\/WordPress3\/#organization","name":"EgliseenBrian\u00e7onnais","url":"https:\/\/egliseenbrianconnais.net\/WordPress3\/","logo":{"@type":"ImageObject","inLanguage":"fr-FR","@id":"https:\/\/egliseenbrianconnais.net\/WordPress3\/#\/schema\/logo\/image\/","url":"http:\/\/egliseenbrianconnais.net\/WordPress3\/wp-content\/uploads\/2021\/09\/Logo-Ste-Catherine.jpg","contentUrl":"http:\/\/egliseenbrianconnais.net\/WordPress3\/wp-content\/uploads\/2021\/09\/Logo-Ste-Catherine.jpg","width":850,"height":1417,"caption":"EgliseenBrian\u00e7onnais"},"image":{"@id":"https:\/\/egliseenbrianconnais.net\/WordPress3\/#\/schema\/logo\/image\/"}},{"@type":"Person","@id":"https:\/\/egliseenbrianconnais.net\/WordPress3\/#\/schema\/person\/0ae51fdd734a3183da6fe3c86c387aeb","name":"Edelweiss","url":"https:\/\/egliseenbrianconnais.net\/WordPress3\/author\/edelweiss\/"}]}},"jetpack_featured_media_url":"","jetpack_sharing_enabled":true,"_links":{"self":[{"href":"https:\/\/egliseenbrianconnais.net\/WordPress3\/wp-json\/wp\/v2\/posts\/47758","targetHints":{"allow":["GET"]}}],"collection":[{"href":"https:\/\/egliseenbrianconnais.net\/WordPress3\/wp-json\/wp\/v2\/posts"}],"about":[{"href":"https:\/\/egliseenbrianconnais.net\/WordPress3\/wp-json\/wp\/v2\/types\/post"}],"author":[{"embeddable":true,"href":"https:\/\/egliseenbrianconnais.net\/WordPress3\/wp-json\/wp\/v2\/users\/407"}],"replies":[{"embeddable":true,"href":"https:\/\/egliseenbrianconnais.net\/WordPress3\/wp-json\/wp\/v2\/comments?post=47758"}],"version-history":[{"count":11,"href":"https:\/\/egliseenbrianconnais.net\/WordPress3\/wp-json\/wp\/v2\/posts\/47758\/revisions"}],"predecessor-version":[{"id":47907,"href":"https:\/\/egliseenbrianconnais.net\/WordPress3\/wp-json\/wp\/v2\/posts\/47758\/revisions\/47907"}],"wp:attachment":[{"href":"https:\/\/egliseenbrianconnais.net\/WordPress3\/wp-json\/wp\/v2\/media?parent=47758"}],"wp:term":[{"taxonomy":"category","embeddable":true,"href":"https:\/\/egliseenbrianconnais.net\/WordPress3\/wp-json\/wp\/v2\/categories?post=47758"},{"taxonomy":"post_tag","embeddable":true,"href":"https:\/\/egliseenbrianconnais.net\/WordPress3\/wp-json\/wp\/v2\/tags?post=47758"}],"curies":[{"name":"wp","href":"https:\/\/api.w.org\/{rel}","templated":true}]}}